{"id":1351,"date":"2024-04-30T16:56:43","date_gmt":"2024-04-30T19:56:43","guid":{"rendered":"https:\/\/editorial.utalca.cl\/?p=1351"},"modified":"2024-04-30T16:56:43","modified_gmt":"2024-04-30T19:56:43","slug":"editorial-utalca-reunio-a-raul-zurita-y-editor-espanol-jose-carlos-rovira-en-torno-a-la-espana-de-pablo-neruda","status":"publish","type":"post","link":"https:\/\/editorial.utalca.cl\/?p=1351","title":{"rendered":"Editorial UTalca reuni\u00f3 a Ra\u00fal Zurita y editor espa\u00f1ol Jos\u00e9 Carlos Rovira en torno a la Espa\u00f1a de Pablo Neruda"},"content":{"rendered":"\n<p><strong><em>En Santiago, Talca y Valpara\u00edso se present\u00f3 \u2018Escrito sobre Espa\u00f1a. Pablo Neruda\u2019, una coedici\u00f3n entre las editoriales de la UTalca y la Universidad de Alicante, que recupera los escritos que el poeta dedic\u00f3 a Espa\u00f1a a lo largo de su vida.<\/em><\/strong><\/p>\n\n\n\n<p>\u201cEs imposible entender la poes\u00eda de hoy sin la poes\u00eda de Pablo Neruda, y la poes\u00eda de Pablo Neruda sin su relaci\u00f3n con Espa\u00f1a\u201d. Con esas palabras el poeta chileno Ra\u00fal Zurita resumi\u00f3 la relevancia del libro <em>Escrito sobre Espa\u00f1a. Pablo Neruda<\/em>\u00a0(Editorial Universidad de Talca y Universidad de Alicante, 2023), durante una de las tres jornadas en que, junto al editor y compilador del libro, el acad\u00e9mico espa\u00f1ol Jos\u00e9 Carlos Rovira y la directora de la Editorial Universidad de Talca, Marcela Albornoz, presentaron este t\u00edtulo en el marco de las celebraciones del D\u00eda Internacional del Libro que la UTalca realiz\u00f3 en Santiago, Talca y Valpara\u00edso.<\/p>\n\n\n\n<p>\u201cSi uno sacara a Pablo Neruda del mapa quedar\u00eda un hoyo enorme. Entonces, esta relaci\u00f3n que tuvo Neruda con Espa\u00f1a, en este extraordinario libro de Jos\u00e9 Carlos Rovira es muy importante porque se refiere a todo lo escrito por Neruda sobre Espa\u00f1a, me refiero a sus poemas, sus textos en prosa, que es enorme. Neruda tiene una relaci\u00f3n con Espa\u00f1a que es absolutamente carnal, por as\u00ed decirlo, con la \u00e9poca del franquismo, con la Guerra Civil Espa\u00f1ola que fue un acto tan tremendo, est\u00e1 todo registrado por Neruda\u201d, agreg\u00f3 Zurita (Premio Reina Sof\u00eda de Poes\u00eda Iberoamericana y Premio Nacional de Literatura, entre otros galardones), quien adem\u00e1s es el autor del prefacio de este nuevo t\u00edtulo de la Editorial UTalca.<\/p>\n\n\n\n<p>En cuanto al origen de la publicaci\u00f3n, el catedr\u00e1tico em\u00e9rito de Literatura Hispanoamericana de la Universidad de Alicante y editor Jos\u00e9 Carlos Rovira explic\u00f3 que \u201cla publicaci\u00f3n surge de que Neruda fue uno de los que nos ayud\u00f3 a recuperar el nombre de Espa\u00f1a; durante la dictadura era un nombre que se hab\u00edan apropiado otros. <em>Espa\u00f1a en el coraz\u00f3n <\/em>fue fundamental en nuestra juventud. Evocaba ayer que le\u00edamos los <em>20 poemas de amor y una canci\u00f3n desesperada<\/em>, que por cierto este a\u00f1o es el centenario de ese libro, y de pronto <em>Espa\u00f1a en el coraz\u00f3n<\/em>, esa visi\u00f3n terrible de la Espa\u00f1a de la Guerra Civil que vivi\u00f3 Neruda y yo creo que es ah\u00ed donde sentimos la importancia de este poeta y lo que hemos hecho ha sido reconstruir a trav\u00e9s de trabajos como el de Hern\u00e1n Loyola, que fue fundamental para recuperar la obra, reconstruir 400 p\u00e1ginas que Neruda dedic\u00f3 a Espa\u00f1a\u201d.<\/p>\n\n\n\n<p>De esas 400 p\u00e1ginas, Rovira explic\u00f3 que \u201chay momentos bell\u00edsimos, estremecedores. Por ejemplo, <em>El viaje al coraz\u00f3n de Quevedo<\/em>, que es la reflexi\u00f3n m\u00e1s bella sobre Quevedo y Espa\u00f1a. Neruda all\u00ed llega a decir \u2018anduve por muchos lugares del mundo hasta que llegu\u00e9 al sitio de donde deb\u00ed haber partido\u2019. Es esa visi\u00f3n apasionada, sus amigos son Federico Garc\u00eda Lorca, que ha sido asesinado a comienzos de la guerra; Vicente Aleixandre; el m\u00e1s joven, Miguel Hern\u00e1ndez, al que Neruda le dedica evocaciones\u201d.<\/p>\n\n\n\n<p>Y al igual que Zurita, para Rovira Espa\u00f1a tuvo una fuerte influencia en la vida de Neruda. \u201cFue un momento fundamental, de memoria personal, cuando escribe a los 60 a\u00f1os <em>Memorial de Isla Negra<\/em>, est\u00e1n sus amores, sus pasados, sus conocidos, y est\u00e1 sobre todo \u2018me gustaba Madrid y ya no puedo volver a \u00e9l\u2019, es decir, Madrid era la ciudad que en el \u201934 Neruda recorre, construye, conoce. Yo creo que esos son los recuerdos que lo marcan toda una vida\u201d, afirma el acad\u00e9mico.<\/p>\n\n\n\n<p>Por su parte, la directora de la Editorial Universidad de Talca, Marcela Albornoz Dachelet, record\u00f3 que el libro fue publicado y presentado previamente en Espa\u00f1a en 2023 -a\u00f1o en que se conmemoraron los 50 a\u00f1os del fallecimiento del poeta Pablo Neruda-, en un encuentro en la Universidad de Alicante.<\/p>\n\n\n\n<p>\u201cEs una publicaci\u00f3n maravillosa, <em>Escrito sobre Espa\u00f1a<\/em> que realiz\u00f3 Pablo Neruda, en la edici\u00f3n de Jos\u00e9 Carlos Rovira y de Abel Villaverde y con un notable prefacio de Ra\u00fal Zurita. Es un hermoso proyecto que logramos concretar con la Universidad de Alicante, con quienes tenemos una larga relaci\u00f3n de trabajo y con quienes hemos desarrollado diversos proyectos editoriales conjuntos\u201d.<\/p>\n\n\n\n<p>Adem\u00e1s, destac\u00f3 haber concretado las presentaciones del libro en Chile, \u201ccontar con Jos\u00e9 Carlos Rovira aqu\u00ed en nuestro pa\u00eds, en nuestra Universidad de Talca y con Ra\u00fal Zurita, durante las tres jornadas en Santiago, Talca y Valpara\u00edso, realmente es un hito memorable y nos tiene tremendamente contentos y muy emocionados\u201d.<\/p>\n\n\n\n<p>\u201cQuiero recalcar que esta es una coedici\u00f3n de la Editorial Universidad de Talca y la Editorial de la Universidad de Alicante y se est\u00e1 preparando una segunda edici\u00f3n que va a ser impresa en Espa\u00f1a, por lo tanto, la internacionalizaci\u00f3n de la Universidad de Talca, a trav\u00e9s de su Editorial, nos plantea desaf\u00edos que hemos ido concretando\u201d, agreg\u00f3 la directora.<\/p>\n\n\n\n<p><strong>ESCRITOS SOBRE ESPA\u00d1A<\/strong><\/p>\n\n\n\n<p>Tal como se\u00f1ala Ra\u00fal Zurita en su prefacio, <em>Escrito sobre Espa\u00f1a<\/em> \u201cfruto del magistral trabajo de Jos\u00e9 Carlos Rovira y Abel Villaverde, re\u00fane todos los poemas y prosas que Pablo Neruda escribi\u00f3 sobre ese pa\u00eds, y es, antes que nada, un gran homenaje de amor a su relaci\u00f3n con esa tierra a la que celebrar\u00eda y llorar\u00eda hasta lo entra\u00f1able. Similarmente, en un momento oscuro donde los neofascismos y su ideolog\u00eda de la muerte, de la cancelaci\u00f3n y negacionismo, han vuelto nuevamente a ce\u00f1irse sobre el horizonte, su aparici\u00f3n representa un acto hist\u00f3rico de resistencia y de esperanza\u201d.<\/p>\n\n\n\n<p>En tanto en su pr\u00f3logo, los especialistas Jos\u00e9 Carlos Rovira y Abel Villaverde explican que en<em> Escrito sobre Espa\u00f1a<\/em> \u201cPablo Neruda se sumerge en los a\u00f1os 30 en Espa\u00f1a en intensas vivencias culturales y pol\u00edticas que determinan su escritura y que vamos a sintetizar como pre\u00e1mbulo a sus escritos, en poes\u00eda y prosa, dedicados a Espa\u00f1a, durante el tiempo vivido y en la memoria posterior del pa\u00eds que, en tantos sentidos, como \u00e9l mismo dec\u00eda, debi\u00f3\u0301 ser su punto de partida\u201d.<\/p>\n\n\n\n<p>\u201cA lo largo de casi cuatro centenares de p\u00e1ginas, el lector podr\u00e1 seguir los textos, en prosa y poes\u00eda, en los que Pablo Neruda escribe sobre Espa\u00f1a. Pocas veces un escritor de fuera de este pa\u00eds ha dejado una memoria tan intensa y amplia de lo vivido aqu\u00ed\u0301 y en la memoria posterior de un tiempo, brillante y tr\u00e1gico, como fue la Rep\u00fablica Espa\u00f1ola en lo social y en lo cultural, una experiencia hist\u00f3rica destruida por el fascismo mediante una guerra civil. La biograf\u00eda espa\u00f1ola y la memoria continua de este pa\u00eds nutren su amplia e intensa escritura\u201d, agregan.<\/p>\n\n\n\n<p><em>Escrito sobre Espa\u00f1a. Pablo Neruda<\/em>, se encuentra a la venta en la p\u00e1gina <a href=\"file:\/\/\/C:\/Users\/ClaudiaSofiaLeivaCac\/Desktop\/RESPALDO%20MAC%20CLAUDIA%20LEIVA%20MARZO%202024\/2023\/NOTAS%20DE%20PRENSA\/editorial.utalca.cl\">editorial.utalca.cl<\/a> y librer\u00eda Editorial Universidad de Talca, ubicada en 1 poniente 1141, acceso a Casa Central, frente a Plaza de Armas, Talca. Disponible en las principales librer\u00edas del pa\u00eds.<\/p>\n","protected":false},"excerpt":{"rendered":"<p>En Santiago, Talca y Valpara\u00edso se present\u00f3 \u2018Escrito sobre Espa\u00f1a. Pablo Neruda\u2019, una coedici\u00f3n entre las editoriales de la UTalca y la Universidad de Alicante, que recupera los escritos que el poeta dedic\u00f3 a Espa\u00f1a a lo largo de su vida. \u201cEs imposible entender la poes\u00eda de hoy sin la poes\u00eda de Pablo Neruda, y &hellip;<\/p>\n<p class=\"read-more\"> <a class=\"\" href=\"https:\/\/editorial.utalca.cl\/?p=1351\"> <span class=\"screen-reader-text\">Editorial UTalca reuni\u00f3 a Ra\u00fal Zurita y editor espa\u00f1ol Jos\u00e9 Carlos Rovira en torno a la Espa\u00f1a de Pablo Neruda<\/span> Leer M\u00e1s &raquo;<\/a><\/p>\n","protected":false},"author":1,"featured_media":1353,"comment_status":"closed","ping_status":"open","sticky":false,"template":"","format":"standard","meta":{"_mi_skip_tracking":false,"site-sidebar-layout":"","site-content-layout":"","ast-main-header-display":"","ast-hfb-above-header-display":"","ast-hfb-below-header-display":"","ast-hfb-mobile-header-display":"","site-post-title":"","ast-breadcrumbs-content":"","ast-featured-img":"","footer-sml-layout":"","theme-transparent-header-meta":"","adv-header-id-meta":"","stick-header-meta":"","header-above-stick-meta":"","header-main-stick-meta":"","header-below-stick-meta":"","footnotes":""},"categories":[13],"tags":[],"class_list":["post-1351","post","type-post","status-publish","format-standard","has-post-thumbnail","hentry","category-noticias"],"_links":{"self":[{"href":"https:\/\/editorial.utalca.cl\/index.php?rest_route=\/wp\/v2\/posts\/1351","targetHints":{"allow":["GET"]}}],"collection":[{"href":"https:\/\/editorial.utalca.cl\/index.php?rest_route=\/wp\/v2\/posts"}],"about":[{"href":"https:\/\/editorial.utalca.cl\/index.php?rest_route=\/wp\/v2\/types\/post"}],"author":[{"embeddable":true,"href":"https:\/\/editorial.utalca.cl\/index.php?rest_route=\/wp\/v2\/users\/1"}],"replies":[{"embeddable":true,"href":"https:\/\/editorial.utalca.cl\/index.php?rest_route=%2Fwp%2Fv2%2Fcomments&post=1351"}],"version-history":[{"count":1,"href":"https:\/\/editorial.utalca.cl\/index.php?rest_route=\/wp\/v2\/posts\/1351\/revisions"}],"predecessor-version":[{"id":1354,"href":"https:\/\/editorial.utalca.cl\/index.php?rest_route=\/wp\/v2\/posts\/1351\/revisions\/1354"}],"wp:featuredmedia":[{"embeddable":true,"href":"https:\/\/editorial.utalca.cl\/index.php?rest_route=\/wp\/v2\/media\/1353"}],"wp:attachment":[{"href":"https:\/\/editorial.utalca.cl\/index.php?rest_route=%2Fwp%2Fv2%2Fmedia&parent=1351"}],"wp:term":[{"taxonomy":"category","embeddable":true,"href":"https:\/\/editorial.utalca.cl\/index.php?rest_route=%2Fwp%2Fv2%2Fcategories&post=1351"},{"taxonomy":"post_tag","embeddable":true,"href":"https:\/\/editorial.utalca.cl\/index.php?rest_route=%2Fwp%2Fv2%2Ftags&post=1351"}],"curies":[{"name":"wp","href":"https:\/\/api.w.org\/{rel}","templated":true}]}}